{"id":31492,"date":"2026-01-15T01:11:42","date_gmt":"2026-01-15T01:11:42","guid":{"rendered":"https:\/\/newsinbr.com\/?p=31492"},"modified":"2026-01-15T01:11:42","modified_gmt":"2026-01-15T01:11:42","slug":"singer-yeison-jimenez-34-dies-along-with-five-team-members-on-way-to-concert","status":"publish","type":"post","link":"https:\/\/newsinbr.com\/?p=31492","title":{"rendered":"Singer Yeison Jim\u00e9nez, 34, Dies Along with Five Team Members on Way to Concert"},"content":{"rendered":"\n<p>A devastating plane crash in central Colombia claimed the lives of six people, including popular singer Yeison Jim\u00e9nez, 34. The light aircraft went down on January 10, 2026, while traveling from Paipa to Medell\u00edn, crashing in a rural area between Paipa and Duitama. Along with Jim\u00e9nez, the pilot and members of his close team \u2014 including his manager and personal assistant \u2014 were killed. Emergency crews and aviation authorities quickly responded, securing the site and launching a formal investigation. The Civil Aviation Authority expressed condolences, while the government of Boyac\u00e1 declared a period of mourning, honoring Jim\u00e9nez as one of Colombia\u2019s most beloved music figures.<\/p>\n\n\n\n<p>Adding a haunting layer to the tragedy, fans revisited a television interview Jim\u00e9nez gave just weeks earlier, in which he described recurring dreams of dying in a plane crash and seeing himself in the news. He even recalled dreaming of warning a pilot about mechanical problems \u2014 a chilling coincidence now tied to real events. Jim\u00e9nez leaves behind his wife and three children, and tributes have poured in nationwide. The tragedy has also drawn comparisons to a recent U.S. aviation disaster that killed seven people, including former NASCAR driver Greg Biffle and his family, as investigators in both countries search for answers.<\/p>\n","protected":false},"excerpt":{"rendered":"<p>A devastating plane crash in central Colombia claimed the lives of six people, including popular singer Yeison Jim\u00e9nez, 34. The light aircraft went down on January 10,&#8230; <\/p>\n","protected":false},"author":4,"featured_media":31493,"comment_status":"open","ping_status":"open","sticky":false,"template":"","format":"standard","meta":{"footnotes":""},"categories":[1],"tags":[],"class_list":["post-31492","post","type-post","status-publish","format-standard","has-post-thumbnail","hentry","category-uncategorized"],"views":152,"_links":{"self":[{"href":"https:\/\/newsinbr.com\/index.php?rest_route=\/wp\/v2\/posts\/31492","targetHints":{"allow":["GET"]}}],"collection":[{"href":"https:\/\/newsinbr.com\/index.php?rest_route=\/wp\/v2\/posts"}],"about":[{"href":"https:\/\/newsinbr.com\/index.php?rest_route=\/wp\/v2\/types\/post"}],"author":[{"embeddable":true,"href":"https:\/\/newsinbr.com\/index.php?rest_route=\/wp\/v2\/users\/4"}],"replies":[{"embeddable":true,"href":"https:\/\/newsinbr.com\/index.php?rest_route=%2Fwp%2Fv2%2Fcomments&post=31492"}],"version-history":[{"count":1,"href":"https:\/\/newsinbr.com\/index.php?rest_route=\/wp\/v2\/posts\/31492\/revisions"}],"predecessor-version":[{"id":31494,"href":"https:\/\/newsinbr.com\/index.php?rest_route=\/wp\/v2\/posts\/31492\/revisions\/31494"}],"wp:featuredmedia":[{"embeddable":true,"href":"https:\/\/newsinbr.com\/index.php?rest_route=\/wp\/v2\/media\/31493"}],"wp:attachment":[{"href":"https:\/\/newsinbr.com\/index.php?rest_route=%2Fwp%2Fv2%2Fmedia&parent=31492"}],"wp:term":[{"taxonomy":"category","embeddable":true,"href":"https:\/\/newsinbr.com\/index.php?rest_route=%2Fwp%2Fv2%2Fcategories&post=31492"},{"taxonomy":"post_tag","embeddable":true,"href":"https:\/\/newsinbr.com\/index.php?rest_route=%2Fwp%2Fv2%2Ftags&post=31492"}],"curies":[{"name":"wp","href":"https:\/\/api.w.org\/{rel}","templated":true}]}}